{"id":208,"date":"2022-11-12T18:32:49","date_gmt":"2022-11-12T17:32:49","guid":{"rendered":"https:\/\/novum.100r.pl\/?p=208"},"modified":"2022-11-24T13:36:02","modified_gmt":"2022-11-24T12:36:02","slug":"obserwowani","status":"publish","type":"post","link":"https:\/\/novum.100r.pl\/?p=208","title":{"rendered":"Obserwowani"},"content":{"rendered":"<p>[et_pb_section fb_built=&#8221;1&#8243; _builder_version=&#8221;4.18.0&#8243; _module_preset=&#8221;default&#8221; hover_enabled=&#8221;0&#8243; global_colors_info=&#8221;{}&#8221; background_color=&#8221;#d9d9d9&#8243; sticky_enabled=&#8221;0&#8243;][et_pb_row _builder_version=&#8221;4.18.0&#8243; _module_preset=&#8221;default&#8221; global_colors_info=&#8221;{}&#8221;][et_pb_column type=&#8221;4_4&#8243; _builder_version=&#8221;4.18.0&#8243; _module_preset=&#8221;default&#8221; global_colors_info=&#8221;{}&#8221;][et_pb_text _builder_version=&#8221;4.18.0&#8243; _module_preset=&#8221;default&#8221; text_font=&#8221;Alegreya||||||||&#8221; text_text_color=&#8221;#000000&#8243; text_font_size=&#8221;18px&#8221; text_orientation=&#8221;justified&#8221; global_colors_info=&#8221;{}&#8221;]<\/p>\n<p>Istnieje teoria, kt\u00f3ra m\u00f3wi, \u017ce zjawisko obserwowane zachowuje si\u0119 inaczej ni\u017c to samorzutne. Bardzo mo\u017cliwe i troch\u0119 m\u0105dre, bo pozwala nam na narzut na brak sytuacji idealnych i zrzuca na obserwatora cz\u0119\u015b\u0107 odpowiedzialno\u015bci za efekt \u2013 o cokolwiek by chodzi\u0142o. Troch\u0119 te\u017c my\u015bl ta prowadzi do innej &#8211; takiej, \u017ce je\u015bli obserwujemy co\u015b, to to co\u015b obserwuje tak\u017ce i nas.<\/p>\n<p>W skali interakcji mi\u0119dzyludzkich rzeczywi\u015bcie podej\u015bcie takie si\u0119 sprawdza. W skali atomowej mo\u017cliwe, \u017ce te\u017c \u2013 te s\u0142ynne gin\u0105ce cz\u0105stki. Cho\u0107 nie wiem czy istnieje naukowe potwierdzenie zjawiska \u201ereakcji na obserwacj\u0119\u201d. Ale przecie\u017c je\u015bli cia\u0142o A dzia\u0142a na cia\u0142o B, to tak\u017ce cia\u0142o B dzia\u0142a na cia\u0142o A. I to z t\u0105 sam\u0105 si\u0142\u0105.<\/p>\n<p>W skali lat \u015bwietlnych to chyba ju\u017c tak nie dzia\u0142a. No bo czy fotony, kt\u00f3re docieraj\u0105 do nas z odleg\u0142ych kra\u0144c\u00f3w galaktyki czy innych galaktyk, mog\u0105 pozwoli\u0107 nam zmieni\u0107 co\u015b poprzez obserwacj\u0119 miejsca, z kt\u00f3rego przybywaj\u0105? Z reszt\u0105, tego obiektu mo\u017ce ju\u017c dawno nie by\u0107 lub by\u0107 zupe\u0142nie inny, by\u0107 w innym miejscu, itd.<\/p>\n<p>Mo\u017ce. Ale tak czysto \u2013 ludzko, te\u017c mo\u017ce \u017cyjemy w takich czasach, gdy wiele rzeczy dzieje si\u0119 dooko\u0142a nas, a obok kt\u00f3rych przechodzimy niemal nie zauwa\u017caj\u0105c ich. Cho\u0107 mo\u017cna to te\u017c traktowa\u0107 jako element do\u015bwiadczenia, no bo to, na co kto zwr\u00f3ci uwag\u0119 te\u017c jest informacj\u0105 i interakcj\u0105 r\u00f3wnocze\u015bnie. Warto zwraca\u0107 uwag\u0119 na rzeczy wa\u017cne nawet, albo zw\u0142aszcza je\u015bli kto\u015b obserwuje nas w tym momencie.<\/p>\n<p>[\/et_pb_text][\/et_pb_column][\/et_pb_row][\/et_pb_section]<\/p>\n","protected":false},"excerpt":{"rendered":"<p>Istnieje teoria, kt\u00f3ra m\u00f3wi, \u017ce zjawisko obserwowane zachowuje si\u0119 inaczej ni\u017c to samorzutne. Bardzo mo\u017cliwe i troch\u0119 m\u0105dre, bo pozwala nam na narzut na brak sytuacji idealnych i zrzuca na obserwatora cz\u0119\u015b\u0107 odpowiedzialno\u015bci za efekt \u2013 o cokolwiek by chodzi\u0142o. Troch\u0119 te\u017c my\u015bl ta prowadzi do innej &#8211; takiej, \u017ce je\u015bli obserwujemy co\u015b, to to [&hellip;]<\/p>\n","protected":false},"author":1,"featured_media":0,"comment_status":"open","ping_status":"open","sticky":false,"template":"","format":"standard","meta":{"_et_pb_use_builder":"on","_et_pb_old_content":"","_et_gb_content_width":"","footnotes":""},"categories":[1],"tags":[],"class_list":["post-208","post","type-post","status-publish","format-standard","hentry","category-bez-kategorii"],"_links":{"self":[{"href":"https:\/\/novum.100r.pl\/index.php?rest_route=\/wp\/v2\/posts\/208","targetHints":{"allow":["GET"]}}],"collection":[{"href":"https:\/\/novum.100r.pl\/index.php?rest_route=\/wp\/v2\/posts"}],"about":[{"href":"https:\/\/novum.100r.pl\/index.php?rest_route=\/wp\/v2\/types\/post"}],"author":[{"embeddable":true,"href":"https:\/\/novum.100r.pl\/index.php?rest_route=\/wp\/v2\/users\/1"}],"replies":[{"embeddable":true,"href":"https:\/\/novum.100r.pl\/index.php?rest_route=%2Fwp%2Fv2%2Fcomments&post=208"}],"version-history":[{"count":5,"href":"https:\/\/novum.100r.pl\/index.php?rest_route=\/wp\/v2\/posts\/208\/revisions"}],"predecessor-version":[{"id":512,"href":"https:\/\/novum.100r.pl\/index.php?rest_route=\/wp\/v2\/posts\/208\/revisions\/512"}],"wp:attachment":[{"href":"https:\/\/novum.100r.pl\/index.php?rest_route=%2Fwp%2Fv2%2Fmedia&parent=208"}],"wp:term":[{"taxonomy":"category","embeddable":true,"href":"https:\/\/novum.100r.pl\/index.php?rest_route=%2Fwp%2Fv2%2Fcategories&post=208"},{"taxonomy":"post_tag","embeddable":true,"href":"https:\/\/novum.100r.pl\/index.php?rest_route=%2Fwp%2Fv2%2Ftags&post=208"}],"curies":[{"name":"wp","href":"https:\/\/api.w.org\/{rel}","templated":true}]}}